{"id":2649,"date":"2023-11-17T17:38:53","date_gmt":"2023-11-17T20:38:53","guid":{"rendered":"https:\/\/sindestiva.com.br\/wp\/?p=2649"},"modified":"2023-11-17T17:39:39","modified_gmt":"2023-11-17T20:39:39","slug":"dirigentes-sindicais-se-reunem-com-o-prefeito-marcelo-roque","status":"publish","type":"post","link":"https:\/\/sindestiva.com.br\/wp\/dirigentes-sindicais-se-reunem-com-o-prefeito-marcelo-roque\/","title":{"rendered":"Dirigentes sindicais se re\u00fanem com o prefeito Marcelo Roque&#8230;"},"content":{"rendered":"\t\t<div data-elementor-type=\"wp-post\" data-elementor-id=\"2649\" class=\"elementor elementor-2649\" data-elementor-settings=\"{&quot;ha_cmc_init_switcher&quot;:&quot;no&quot;}\">\n\t\t\t\t\t\t<section class=\"elementor-section elementor-top-section elementor-element elementor-element-2087e07c elementor-section-boxed elementor-section-height-default elementor-section-height-default\" data-id=\"2087e07c\" data-element_type=\"section\" data-e-type=\"section\" data-settings=\"{&quot;_ha_eqh_enable&quot;:false}\">\n\t\t\t\t\t\t<div class=\"elementor-container elementor-column-gap-default\">\n\t\t\t\t\t<div class=\"elementor-column elementor-col-100 elementor-top-column elementor-element elementor-element-73c68f70\" data-id=\"73c68f70\" data-element_type=\"column\" data-e-type=\"column\">\n\t\t\t<div class=\"elementor-widget-wrap elementor-element-populated\">\n\t\t\t\t\t\t<div class=\"elementor-element elementor-element-6dba6f8a elementor-widget elementor-widget-text-editor\" data-id=\"6dba6f8a\" data-element_type=\"widget\" data-e-type=\"widget\" data-widget_type=\"text-editor.default\">\n\t\t\t\t<div class=\"elementor-widget-container\">\n\t\t\t\t\t\t\t\t\t\n<p><\/p>\n\n\n\n<p>Objetivo do encontro foi para realizar o agradecimento pelo chefe do executivo ter contribu\u00eddo durante as tratativas das renova\u00e7\u00f5es das CCT\u2019s dos sindicatos junto ao Sindop.<\/p>\n\t\t\t\t\t\t\t\t<\/div>\n\t\t\t\t<\/div>\n\t\t\t\t\t<\/div>\n\t\t<\/div>\n\t\t\t\t\t<\/div>\n\t\t<\/section>\n\t\t\t\t<\/div>\n\t\t","protected":false},"excerpt":{"rendered":"<p>Objetivo do encontro foi para realizar o agradecimento pelo chefe do executivo ter contribu\u00eddo durante as tratativas das renova\u00e7\u00f5es das CCT\u2019s dos sindicatos junto ao Sindop.<\/p>\n","protected":false},"author":1,"featured_media":2650,"comment_status":"open","ping_status":"open","sticky":false,"template":"","format":"standard","meta":{"jetpack_post_was_ever_published":false,"_jetpack_newsletter_access":"","_jetpack_dont_email_post_to_subs":false,"_jetpack_newsletter_tier_id":0,"_jetpack_memberships_contains_paywalled_content":false,"_jetpack_memberships_contains_paid_content":false,"footnotes":""},"categories":[15],"tags":[],"class_list":["post-2649","post","type-post","status-publish","format-standard","has-post-thumbnail","hentry","category-interna","entry"],"jetpack_featured_media_url":"https:\/\/i0.wp.com\/sindestiva.com.br\/wp\/wp-content\/uploads\/2023\/11\/camara.jpg?fit=900%2C599&ssl=1","jetpack_sharing_enabled":true,"_links":{"self":[{"href":"https:\/\/sindestiva.com.br\/wp\/wp-json\/wp\/v2\/posts\/2649","targetHints":{"allow":["GET"]}}],"collection":[{"href":"https:\/\/sindestiva.com.br\/wp\/wp-json\/wp\/v2\/posts"}],"about":[{"href":"https:\/\/sindestiva.com.br\/wp\/wp-json\/wp\/v2\/types\/post"}],"author":[{"embeddable":true,"href":"https:\/\/sindestiva.com.br\/wp\/wp-json\/wp\/v2\/users\/1"}],"replies":[{"embeddable":true,"href":"https:\/\/sindestiva.com.br\/wp\/wp-json\/wp\/v2\/comments?post=2649"}],"version-history":[{"count":4,"href":"https:\/\/sindestiva.com.br\/wp\/wp-json\/wp\/v2\/posts\/2649\/revisions"}],"predecessor-version":[{"id":2654,"href":"https:\/\/sindestiva.com.br\/wp\/wp-json\/wp\/v2\/posts\/2649\/revisions\/2654"}],"wp:featuredmedia":[{"embeddable":true,"href":"https:\/\/sindestiva.com.br\/wp\/wp-json\/wp\/v2\/media\/2650"}],"wp:attachment":[{"href":"https:\/\/sindestiva.com.br\/wp\/wp-json\/wp\/v2\/media?parent=2649"}],"wp:term":[{"taxonomy":"category","embeddable":true,"href":"https:\/\/sindestiva.com.br\/wp\/wp-json\/wp\/v2\/categories?post=2649"},{"taxonomy":"post_tag","embeddable":true,"href":"https:\/\/sindestiva.com.br\/wp\/wp-json\/wp\/v2\/tags?post=2649"}],"curies":[{"name":"wp","href":"https:\/\/api.w.org\/{rel}","templated":true}]}}